{"id":21,"count":0,"description":"<span data-sheets-value=\"{&quot;1&quot;:2,&quot;2&quot;:&quot;Sans aucun doute, Vejer peut \u00eatre fier de ses kilom\u00e8tres de c\u00f4tes et de ses vastes plages de sable fin , o\u00f9 l'union entre la M\u00e9dit\u00e9rran\u00e9e et de l'Atlantique lui conf\u00e8re une personnalit\u00e9 unique.&quot;}\" data-sheets-userformat=\"{&quot;2&quot;:769,&quot;3&quot;:{&quot;1&quot;:0},&quot;11&quot;:4,&quot;12&quot;:0}\">Sans aucun doute, Vejer peut \u00eatre fier de ses kilom\u00e8tres de c\u00f4tes et de ses vastes plages de sable fin , o\u00f9 l'union entre la M\u00e9dit\u00e9rran\u00e9e et de l'Atlantique lui conf\u00e8re une personnalit\u00e9 unique.<\/span>\r\n\r\n<span data-sheets-value=\"{&quot;1&quot;:2,&quot;2&quot;:&quot;Pour compl\u00e8ter votre s\u00e9jour \u00e0 l'hotel de Vejer, nous vous \u00e9num\u00e9rons par la suite une liste de plages de visites obligatoires dans la zone.Prochainement ( d\u00e8s que le climat nous permettra d'y aller) nous ajouterons plus d'informations avec des photos et  comment s'y rendre.Nous r\u00e9ssentions le besoin de vous citer les plus importantes pour que votre s\u00e9jour dans notre h\u00e9bergement soit une exp\u00e9rience remplie.&quot;}\" data-sheets-userformat=\"{&quot;2&quot;:769,&quot;3&quot;:{&quot;1&quot;:0},&quot;11&quot;:4,&quot;12&quot;:0}\">Pour compl\u00e8ter votre s\u00e9jour \u00e0 <strong>l'hotel de Vejer<\/strong>, nous vous \u00e9num\u00e9rons par la suite une liste de plages de visites obligatoires dans la zone.Prochainement ( d\u00e8s que le climat nous permettra d'y aller) nous ajouterons plus d'informations avec des photos et comment s'y rendre.Nous r\u00e9ssentions le besoin de vous citer les plus importantes pour que votre s\u00e9jour dans notre h\u00e9bergement soit une exp\u00e9rience remplie.<\/span>\r\n\r\n<span data-sheets-value=\"{&quot;1&quot;:2,&quot;2&quot;:&quot;Vous trouverez ici des informations approximatives des criques et des plages , qui se trouvent proches de notre municipalit\u00e9, afin  que vous puissiez choisir d\u00e8s maintenant celles de votre choix pour passer une fantastique journ\u00e9e.&quot;}\" data-sheets-userformat=\"{&quot;2&quot;:769,&quot;3&quot;:{&quot;1&quot;:0},&quot;11&quot;:4,&quot;12&quot;:0}\">Vous trouverez ici des informations approximatives des criques et des plages , qui se trouvent proches de notre municipalit\u00e9, afin que vous puissiez choisir d\u00e8s maintenant celles de votre choix pour passer une fantastique journ\u00e9e.<\/span>\r\n\r\n<span data-sheets-value=\"{&quot;1&quot;:2,&quot;2&quot;:&quot;Tout d'abord , on citera bien entendu&quot;}\" data-sheets-userformat=\"{&quot;2&quot;:769,&quot;3&quot;:{&quot;1&quot;:0},&quot;11&quot;:4,&quot;12&quot;:0}\">Tout d'abord , on citera bien entendu<\/span>\r\n\r\n&nbsp;\r\n<h2><span data-sheets-value=\"{&quot;1&quot;:2,&quot;2&quot;:&quot;La plage de El Palmar&quot;}\" data-sheets-userformat=\"{&quot;2&quot;:769,&quot;3&quot;:{&quot;1&quot;:0},&quot;11&quot;:4,&quot;12&quot;:0}\">La plage de El Palmar<\/span><\/h2>\r\n<span data-sheets-value=\"{&quot;1&quot;:2,&quot;2&quot;:&quot;\u00c0 pr\u00e8s de 11km de Vejer, se trouve une vaste plage vierge de 8 km, o\u00f9 vous pouvez passez seul ou accompagn\u00e9 une journ\u00e9e tranquile.Vous pourrez vous rendre aux endroits  o\u00f9 vous pourrez d\u00e9guster les d\u00e9lices de la r\u00e9gion, faire du surf ou contempler un beau coucher de soleil .   &quot;}\" data-sheets-userformat=\"{&quot;2&quot;:769,&quot;3&quot;:{&quot;1&quot;:0},&quot;11&quot;:4,&quot;12&quot;:0}\">\u00c0 pr\u00e8s de 11km de Vejer, se trouve une vaste plage vierge de 8 km, o\u00f9 vous pouvez passez seul ou accompagn\u00e9 une journ\u00e9e tranquile.Vous pourrez vous rendre aux endroits o\u00f9 vous pourrez d\u00e9guster les d\u00e9lices de la r\u00e9gion, faire du surf ou contempler un beau coucher de soleil . <\/span>\r\n<h2><span data-sheets-value=\"{&quot;1&quot;:2,&quot;2&quot;:&quot;Plage de Zahora&quot;}\" data-sheets-userformat=\"{&quot;2&quot;:769,&quot;3&quot;:{&quot;1&quot;:0},&quot;11&quot;:4,&quot;12&quot;:0}\">Plage de Zahora<\/span><\/h2>\r\n<span data-sheets-value=\"{&quot;1&quot;:2,&quot;2&quot;:&quot;Plage de moindre extension qui lui conf\u00e8re une beaut\u00e9 particuli\u00e8re. C\u00e9l\u00e8bre pour l'atmosph\u00e8re  cr\u00e9ee par ses bars de plage.&quot;}\" data-sheets-userformat=\"{&quot;2&quot;:769,&quot;3&quot;:{&quot;1&quot;:0},&quot;11&quot;:4,&quot;12&quot;:0}\">Plage de moindre extension qui lui conf\u00e8re une beaut\u00e9 particuli\u00e8re. C\u00e9l\u00e8bre pour l'atmosph\u00e8re cr\u00e9ee par ses bars de plage.<\/span>\r\n<h2><span data-sheets-value=\"{&quot;1&quot;:2,&quot;2&quot;:&quot;Plage de Ca\u00f1os de Meca&quot;}\" data-sheets-userformat=\"{&quot;2&quot;:769,&quot;3&quot;:{&quot;1&quot;:0},&quot;11&quot;:4,&quot;12&quot;:0}\">Plage de Ca\u00f1os de Meca<\/span><\/h2>\r\n<span data-sheets-value=\"{&quot;1&quot;:2,&quot;2&quot;:&quot;On place les criques comme le lieu avec le plus de charme de la r\u00e9gion, b\u00e9n\u00e9ficiant d'un emplacement imm\u00e9moriable avec le far historique de Trafalgar.&quot;}\" data-sheets-userformat=\"{&quot;2&quot;:769,&quot;3&quot;:{&quot;1&quot;:0},&quot;11&quot;:4,&quot;12&quot;:0}\">On place les criques comme le lieu avec le plus de charme de la r\u00e9gion, b\u00e9n\u00e9ficiant d'un emplacement imm\u00e9moriable avec le far historique de Trafalgar.<\/span>\r\n<h2><span data-sheets-value=\"{&quot;1&quot;:2,&quot;2&quot;:&quot;Les criques de Roche&quot;}\" data-sheets-userformat=\"{&quot;2&quot;:769,&quot;3&quot;:{&quot;1&quot;:0},&quot;11&quot;:4,&quot;12&quot;:0}\">Les criques de Roche<\/span><\/h2>\r\n<span data-sheets-value=\"{&quot;1&quot;:2,&quot;2&quot;:&quot;C\u00e9l\u00e8bres sans aucun doute grace \u00e0 sa particularit\u00e9, sa situation privil\u00e9gi\u00e9e qui leur apportent encore plus de beaut\u00e9.&quot;}\" data-sheets-userformat=\"{&quot;2&quot;:769,&quot;3&quot;:{&quot;1&quot;:0},&quot;11&quot;:4,&quot;12&quot;:0}\">C\u00e9l\u00e8bres sans aucun doute grace \u00e0 sa particularit\u00e9, sa situation privil\u00e9gi\u00e9e qui leur apportent encore plus de beaut\u00e9.<\/span>\r\n<h2><span data-sheets-value=\"{&quot;1&quot;:2,&quot;2&quot;:&quot;Les plages de Bolonia&quot;}\" data-sheets-userformat=\"{&quot;2&quot;:769,&quot;3&quot;:{&quot;1&quot;:0},&quot;11&quot;:4,&quot;12&quot;:0}\">Les plages de Bolonia<\/span><\/h2>\r\n<span data-sheets-value=\"{&quot;1&quot;:2,&quot;2&quot;:&quot;Sans aucun doute, l'une des plus belles plages vierges de notre c\u00f4te, situ\u00e9e a environ 43 km de Vejer. Id\u00e9al pour passer une journ\u00e9e estivale en vous rendant si vous le souhaitez dans les excellents bars et restaurants, et peut-\u00eatre voir passer une vache au bord de la mer.&quot;}\" data-sheets-userformat=\"{&quot;2&quot;:769,&quot;3&quot;:{&quot;1&quot;:0},&quot;11&quot;:4,&quot;12&quot;:0}\">Sans aucun doute, l'une des plus belles plages vierges de notre c\u00f4te, situ\u00e9e a environ 43 km de Vejer. Id\u00e9al pour passer une journ\u00e9e estivale en vous rendant si vous le souhaitez dans les excellents bars et restaurants, et peut-\u00eatre voir passer une vache au bord de la mer.<\/span>\r\n<h2><span data-sheets-value=\"{&quot;1&quot;:2,&quot;2&quot;:&quot;Plage des allemands&quot;}\" data-sheets-userformat=\"{&quot;2&quot;:769,&quot;3&quot;:{&quot;1&quot;:0},&quot;11&quot;:4,&quot;12&quot;:0}\">Plage des allemands<\/span><\/h2>\r\n<span data-sheets-value=\"{&quot;1&quot;:2,&quot;2&quot;:&quot;Consid\u00e9r\u00e9e comme une visite obligatoire, les visiteurs de la r\u00e9gion placent  cette palge comme l'une des plus attirantes . Son extention, ses eaux froides, sa situation particuli\u00e8re et son acc\u00e8s difficile, lui accorde une beaut\u00e9 particuli\u00e8re inn\u00e9galable.&quot;}\" data-sheets-userformat=\"{&quot;2&quot;:769,&quot;3&quot;:{&quot;1&quot;:0},&quot;11&quot;:4,&quot;12&quot;:0}\">Consid\u00e9r\u00e9e comme une visite obligatoire, les visiteurs de la r\u00e9gion placent cette palge comme l'une des plus attirantes . Son extention, ses eaux froides, sa situation particuli\u00e8re et son acc\u00e8s difficile, lui accorde une beaut\u00e9 particuli\u00e8re inn\u00e9galable.<\/span>\r\n<h2><span data-sheets-value=\"{&quot;1&quot;:2,&quot;2&quot;:&quot;Plage de Hierbabuena&quot;}\" data-sheets-userformat=\"{&quot;2&quot;:769,&quot;3&quot;:{&quot;1&quot;:0},&quot;11&quot;:4,&quot;12&quot;:0}\">Plage de Hierbabuena<\/span><\/h2>\r\n<span data-sheets-value=\"{&quot;1&quot;:2,&quot;2&quot;:&quot;Situ\u00e9e \u00e0 10 km de Vejer, dans la municipalit\u00e9 de Barbate,cette vaste plage vierge avec  sa particuli\u00e8re situation  fait d'elle une plage unique. Elle se situe dans le Parque Naturel de la Bre\u00f1a y Marisca de Barbate, entour\u00e9e de falaises et de criques. &quot;}\" data-sheets-userformat=\"{&quot;2&quot;:769,&quot;3&quot;:{&quot;1&quot;:0},&quot;11&quot;:4,&quot;12&quot;:0}\">Situ\u00e9e \u00e0 10 km de Vejer, dans la municipalit\u00e9 de Barbate,cette vaste plage vierge avec sa particuli\u00e8re situation fait d'elle une plage unique. Elle se situe dans le Parque Naturel de la Bre\u00f1a y Marisca de Barbate, entour\u00e9e de falaises et de criques. <\/span>\r\n<div class=\"my-5 d-flex justify-content-center\">\r\n\r\n[caption id=\"attachment_188\" align=\"aligncenter\" width=\"690\"]<img class=\"img-fluid wp-image-188 size-medium\" src=\"https:\/\/www.hostallajanda.com\/fr\/wp-content\/uploads\/sites\/6\/2021\/12\/ParapenteVejerVueloSimple-Banner-2-1024x450r-690x303.jpg\" alt=\"Vista playa el palmar desde parapente\" width=\"690\" height=\"303\" \/> <span data-sheets-value=\"{&quot;1&quot;:2,&quot;2&quot;:&quot;Vue de la plage El Palmar en parapente&quot;}\" data-sheets-userformat=\"{&quot;2&quot;:769,&quot;3&quot;:{&quot;1&quot;:0},&quot;11&quot;:4,&quot;12&quot;:0}\">Vue de la plage El Palmar en parapente<\/span>[\/caption]\r\n\r\n<\/div>","link":"https:\/\/www.hostallajanda.com\/fr\/vejer\/plages","name":"Les meilleures plages de Vejer","slug":"plages","taxonomy":"category","parent":0,"meta":[],"_links":{"self":[{"href":"https:\/\/www.hostallajanda.com\/fr\/wp-json\/wp\/v2\/categories\/21","targetHints":{"allow":["GET"]}}],"collection":[{"href":"https:\/\/www.hostallajanda.com\/fr\/wp-json\/wp\/v2\/categories"}],"about":[{"href":"https:\/\/www.hostallajanda.com\/fr\/wp-json\/wp\/v2\/taxonomies\/category"}],"wp:post_type":[{"href":"https:\/\/www.hostallajanda.com\/fr\/wp-json\/wp\/v2\/posts?categories=21"}],"curies":[{"name":"wp","href":"https:\/\/api.w.org\/{rel}","templated":true}]}}